{"id":2422,"date":"2026-04-29T08:29:46","date_gmt":"2026-04-29T07:29:46","guid":{"rendered":"https:\/\/www.gymnasium-brandis.de\/wp\/?p=2422"},"modified":"2026-04-29T08:29:46","modified_gmt":"2026-04-29T07:29:46","slug":"aenderung-im-linienverkehr-ab-04-05-2026","status":"publish","type":"post","link":"https:\/\/www.gymnasium-brandis.de\/wp\/?p=2422","title":{"rendered":"\u00c4nderung im Linienverkehr ab 04.05.2026"},"content":{"rendered":"\n<p>aufgrund einer der Vollsperrung der S38 in Grethen erfolgen folgende \u00c4nderungen auf den Linien 642, 645 und 690:<\/p>\n\n\n\n<p><strong>642 HIN:<\/strong><\/p>\n\n\n\n<p>&#8211; die Fahrt 6:28 Uhr ab Grimma, Bahnhof verkehrt eine Minute sp\u00e4ter nun 6:29 Uhr und ohne Bedienung der Haltestelle Gro\u00dfsteinberg, Schule; Sch\u00fcler nach Brandis k\u00f6nnen die Haltestelle Gro\u00dfsteinberg, Bahnhof nutzen; Grundsch\u00fcler von\/nach Gro\u00dfsteinberg, Schule nutzen die Linie 645<\/p>\n\n\n\n<p>&#8211; die Fahrt 7:44 Uhr ab Klinga, Teich bis Brandis, Schulzentrum verkehrt aufgrund hohem Fahrzeitbedarf bereits 7:41 Uhr<\/p>\n\n\n\n<p><strong>642 R\u00dcCK:<\/strong><\/p>\n\n\n\n<p>&#8211; die Fahrt 6:49 Uhr ab Brandis, Schulzentrum verkehrt ab der Haltestelle Grimma, Neubauernmark eine Minute sp\u00e4ter aufgrund hohem Fahrzeitbedarf<\/p>\n\n\n\n<p>&#8211; die Fahrten 12:10, 13:13, 14:10 und 15:10 Uhr ab Brandis, Schulzentrum bis Grimma, Bahnhof bedienen eine Ersatzhaltestelle Grethen, Feuerwehr und erreichen Grimma, Bahnhof aufgrund hohem Fahrzeitbedarf erst zwei Minuten sp\u00e4ter 12:44, 13:47, 14:44 und 15:44 Uhr<br><strong>645 HIN:<\/strong><\/p>\n\n\n\n<p>&#8211; die Fahrt 6:11 Uhr ab Grethen, Feuerwehr bis 6:43 Uhr Naunhof, Wurzener Str.\/Schule verkehrt aufgrund des Umleitungsweges sechs Minuten fr\u00fcher ab Grethen, Feuerwehr (in Ri. Gro\u00dfsteinberg) bereits 6:05 Uhr und in ge\u00e4nderter Linienf\u00fchrung<\/p>\n\n\n\n<p>&#8211; die Fahrt 7:36 Uhr ab Naunhof, Wurzener Str.\/Schule bis Klinga, Teich verkehrt vier Minuten fr\u00fcher bereits 7:32 Uhr aufgrund regelm\u00e4\u00dfiger Versp\u00e4tungen im folgenden Fahrtverlauf<\/p>\n\n\n\n<p>&#8211; die Fahrt 7:15 Uhr ab Grethen, Grimmaer Str. bis 7:39 Uhr Naunhof, Wurzener Str.\/Schule verkehrt sieben Minuten sp\u00e4ter nun ab 7:22 Uhr und verkehrt ohne Bedienung der Ortslage Pom\u00dfen und mit zus\u00e4tzlicher Bedienung von Klinga, Teich, um dort 7:41 Uhr einen Anschluss zur Linie 642 nach Brandis zu gew\u00e4hrleisten<\/p>\n\n\n\n<p><strong>645 R\u00dcCK:<\/strong><\/p>\n\n\n\n<p>&#8211; die Fahrt 7:10 Uhr ab Klinga, Teich verkehrt eine Minute fr\u00fcher nun 7:09 Uhr und ab Pom\u00dfen, Schulstra\u00dfe direkt nach Gro\u00dfsteinberg, Schule 7:28 Uhr, dort besteht Anschluss zur Linie 645 7:31 Uhr nach Naunhof (Fahrt im zuvor genannten Anstrich)<\/p>\n\n\n\n<p>&#8211; die Fahrt 7:00 Uhr ab Threna, Dorfstr. verkehrt neu eine Minute fr\u00fcher und aufgrund hohem Fahrzeitbedarfs mit angepassten Fahrzeiten von bis zu zwei Minuten<\/p>\n\n\n\n<p>&#8211; die Fahrten alle 60 Minuten von 12:06 bis 16:06 Uhr ab Belgershain, Schule verkehren ab der Haltestelle K\u00f6hra, Leipziger Stra\u00dfe Steig A eine Minute sp\u00e4ter aufgrund hohem Fahrzeitbedarfs<\/p>\n\n\n\n<p>&#8211; die Fahrten alle 60 Minuten von 12:47 bis 15:47 Uhr ab Naunhof, Bahnhof verkehren mit angepassten Fahrzeiten aufgrund hohem Fahrzeitbedarfs sowie ab der Haltestelle Pom\u00dfen, Schulstra\u00dfe mit Umleitung \u00fcber Gro\u00dfsteinberg nach Grethen mit entsprechend sp\u00e4teren Fahrzeiten<\/p>\n\n\n\n<p><strong>Linie 690 HIN\/R\u00dcCK:<\/strong><\/p>\n\n\n\n<p>Es werden folgende Haltestellen entlang des Umleitungsweges zus\u00e4tzlich bedient:<\/p>\n\n\n\n<p>&#8211; Grethen, Feuerwehr<\/p>\n\n\n\n<p>&#8211; Gro\u00dfsteinberg, Bf.<\/p>\n\n\n\n<p>&#8211; Gro\u00dfsteinberg, Pom\u00dfener Str. (einseitig nur in Richtung Leipzig)<\/p>\n\n\n\n<p>&#8211; Pom\u00dfen, M\u00fchlteich<\/p>\n\n\n\n<p>&#8211; Pom\u00dfen, Schulstr. (einseitig nur in Richtung Grimma)<\/p>\n\n\n\n<p>Aufgrund der Mehrfahrzeit von drei bis vier Minuten je Richtung verkehren alle Fahrten mit ge\u00e4nderten Fahrzeiten:<\/p>\n\n\n\n<p>&#8211; in Richtung Leipzig ab der Haltestelle Pom\u00dfen, Hauptstra\u00dfe je nach Tageszeit drei bis vier Minuten sp\u00e4ter<\/p>\n\n\n\n<p>&#8211; in Richtung Grimma bis zu Haltestelle Pom\u00dfen, Hauptstra\u00dfe je nach Tageszeit drei bis vier Minuten fr\u00fcher<\/p>\n\n\n\n<p>&#8211; in Tagesrandlagen verkehren die Fahrten auch teilweise bis zu f\u00fcnf Minuten fr\u00fcher kurz nach dem Taktknoten ab Grimma, Bf. bzw. erreichen Grimma, Bf. erst kurz vor den Taktknoten bis zu vier Minuten sp\u00e4ter.<\/p>\n\n\n\n<p>Informationen sind auf folgender Seite: <a href=\"http:\/\/www.regionalbusleipzig.de\/fahrplaene\">www.regionalbusleipzig.de\/fahrplaene<\/a> zu finden.<\/p>\n","protected":false},"excerpt":{"rendered":"<p>aufgrund einer der Vollsperrung der S38 in Grethen erfolgen folgende \u00c4nderungen auf den Linien 642, 645 und 690: 642 HIN: &#8211; die Fahrt 6:28 Uhr ab Grimma, Bahnhof verkehrt eine Minute sp\u00e4ter nun 6:29 Uhr und ohne Bedienung der Haltestelle Gro\u00dfsteinberg, Schule; Sch\u00fcler nach Brandis k\u00f6nnen die Haltestelle Gro\u00dfsteinberg, Bahnhof nutzen; Grundsch\u00fcler von\/nach Gro\u00dfsteinberg, Schule <a class=\"more-link\" href=\"https:\/\/www.gymnasium-brandis.de\/wp\/?p=2422\">weiterlesen&#8230;<\/a><\/p>\n","protected":false},"author":1,"featured_media":0,"comment_status":"closed","ping_status":"closed","sticky":false,"template":"","format":"standard","meta":{"footnotes":""},"categories":[5],"tags":[],"class_list":["post-2422","post","type-post","status-publish","format-standard","hentry","category-news"],"_links":{"self":[{"href":"https:\/\/www.gymnasium-brandis.de\/wp\/index.php?rest_route=\/wp\/v2\/posts\/2422","targetHints":{"allow":["GET"]}}],"collection":[{"href":"https:\/\/www.gymnasium-brandis.de\/wp\/index.php?rest_route=\/wp\/v2\/posts"}],"about":[{"href":"https:\/\/www.gymnasium-brandis.de\/wp\/index.php?rest_route=\/wp\/v2\/types\/post"}],"author":[{"embeddable":true,"href":"https:\/\/www.gymnasium-brandis.de\/wp\/index.php?rest_route=\/wp\/v2\/users\/1"}],"replies":[{"embeddable":true,"href":"https:\/\/www.gymnasium-brandis.de\/wp\/index.php?rest_route=%2Fwp%2Fv2%2Fcomments&post=2422"}],"version-history":[{"count":1,"href":"https:\/\/www.gymnasium-brandis.de\/wp\/index.php?rest_route=\/wp\/v2\/posts\/2422\/revisions"}],"predecessor-version":[{"id":2423,"href":"https:\/\/www.gymnasium-brandis.de\/wp\/index.php?rest_route=\/wp\/v2\/posts\/2422\/revisions\/2423"}],"wp:attachment":[{"href":"https:\/\/www.gymnasium-brandis.de\/wp\/index.php?rest_route=%2Fwp%2Fv2%2Fmedia&parent=2422"}],"wp:term":[{"taxonomy":"category","embeddable":true,"href":"https:\/\/www.gymnasium-brandis.de\/wp\/index.php?rest_route=%2Fwp%2Fv2%2Fcategories&post=2422"},{"taxonomy":"post_tag","embeddable":true,"href":"https:\/\/www.gymnasium-brandis.de\/wp\/index.php?rest_route=%2Fwp%2Fv2%2Ftags&post=2422"}],"curies":[{"name":"wp","href":"https:\/\/api.w.org\/{rel}","templated":true}]}}